{"id":54276,"date":"2016-11-16T11:38:57","date_gmt":"2016-11-16T11:38:57","guid":{"rendered":"http:\/\/localhost:8888\/wordpress\/?p=54276"},"modified":"2020-11-06T22:02:35","modified_gmt":"2020-11-06T22:02:35","slug":"crying-in-public-tedi-tafel","status":"publish","type":"post","link":"http:\/\/marcboivin.org\/en\/crying-in-public-tedi-tafel\/","title":{"rendered":"Crying in Public &#8211; Tedi Tafel"},"content":{"rendered":"<p>[vc_row][vc_column width=&#8221;1\/1&#8243;][vc_column_text]<\/p>\n<p class=\"font_8\">(translation to come) Les performances ont lieu \u00e0 diff\u00e9rents moments de la journ\u00e9e \u2014 t\u00f4t le matin, en apr\u00e8s-midi, au cr\u00e9puscule ou le soir \u2014, dans trois quartiers de Montr\u00e9al \u2014 Outremont, Petite Patrie et Parc-Extension. Toutes les danses sont effectu\u00e9es dans un site diff\u00e9rent, y compris un sous-sol d\u2019\u00e9glise, un parc et un terrain vide. Votre billet pour toutes les repr\u00e9sentations de cet \u00e9v\u00e9nement est constitu\u00e9 d\u2019une carte et d\u2019un calendrier. Vous pouvez ensuite d\u00e9cider comment vous souhaitez vous engager dans le projet.<\/p>\n<p>Vous \u00eates invit\u00e9s \u00e0 cr\u00e9er votre propre mani\u00e8re de participer \u00e0 l\u2019\u0153uvre, d\u2019en venir \u00e0 une partie ou \u00e0 l\u2019ensemble. La multiplicit\u00e9 des danses est comme les facettes d\u2019un diamant, chacune capturant une partie du sens voulu.<\/p>\n<p>\u00ab\u00a0Les pleurs \u00e9voqu\u00e9s dans le titre sont pour l\u2019absence de tout sens du sacr\u00e9 dans nos vies en communaut\u00e9 et mon propre d\u00e9sir de voir les myst\u00e8res plus profonds de notre exp\u00e9rience humaine se manifester dans la sph\u00e8re publique Mon souhait avec chaque danse de cette s\u00e9rie est de montrer comment tous les lieux sont impr\u00e9gn\u00e9s d\u2019une richesse cach\u00e9e, que nous faisons partie de quelque chose de plus vaste et que ce quelque chose est ancr\u00e9 dans notre quotidien.\u00a0\u00bb<br \/>\n\u2013 Tedi Tafel<\/p>\n<p class=\"font_8\">Conception and Direction \u2013\u00a0Tedi Tafel<\/p>\n<p class=\"font_8\">In collaboration with:<br \/>\nPerformance \u2013\u00a0Leslie Baker, Marc Boivin, Bill Coleman, Dean Makarenko and Lin Snelling<\/p>\n<p class=\"font_8\">Lights \u2013\u00a0Yan Lee Chan<\/p>\n<p class=\"font_8\">Music \u2013\u00a0Ana Dall\u2019Ara Majek<\/p>\n<p class=\"font_8\">Video \u2013\u00a0Jonathan Inksetter<\/p>\n<p class=\"font_8\">Dramaturgy \u2013\u00a0Guy Cools<\/p>\n<p class=\"font_8\"><span class=\"wixGuard\">\u200b<\/span><\/p>\n<p class=\"font_8\">Production \u2013\u00a0Let\u00edcia T\u00f3rgo<\/p>\n<p class=\"font_8\">Design \u2013\u00a0Guto Veneno<\/p>\n<p class=\"font_8\"><span class=\"wixGuard\">\u200b<\/span><\/p>\n<p class=\"font_8\">In collaboration with Les Escales Improbables and Agora de la Danse<\/p>\n<p style=\"text-align: right; font-size: 10px;\">photo credit : Tedi Tafel<\/p>\n<p>[\/vc_column_text][\/vc_column][\/vc_row]<\/p>\n","protected":false},"excerpt":{"rendered":"<p>[vc_row][vc_column width=&#8221;1\/1&#8243;][vc_column_text] (translation to come) Les performances ont lieu \u00e0 diff\u00e9rents moments de la journ\u00e9e \u2014 t\u00f4t le matin, en [&hellip;]<\/p>\n","protected":false},"author":1,"featured_media":54681,"comment_status":"closed","ping_status":"closed","sticky":false,"template":"","format":"standard","meta":[],"categories":[87],"tags":[],"_links":{"self":[{"href":"http:\/\/marcboivin.org\/en\/wp-json\/wp\/v2\/posts\/54276"}],"collection":[{"href":"http:\/\/marcboivin.org\/en\/wp-json\/wp\/v2\/posts"}],"about":[{"href":"http:\/\/marcboivin.org\/en\/wp-json\/wp\/v2\/types\/post"}],"author":[{"embeddable":true,"href":"http:\/\/marcboivin.org\/en\/wp-json\/wp\/v2\/users\/1"}],"replies":[{"embeddable":true,"href":"http:\/\/marcboivin.org\/en\/wp-json\/wp\/v2\/comments?post=54276"}],"version-history":[{"count":9,"href":"http:\/\/marcboivin.org\/en\/wp-json\/wp\/v2\/posts\/54276\/revisions"}],"predecessor-version":[{"id":55167,"href":"http:\/\/marcboivin.org\/en\/wp-json\/wp\/v2\/posts\/54276\/revisions\/55167"}],"wp:featuredmedia":[{"embeddable":true,"href":"http:\/\/marcboivin.org\/en\/wp-json\/wp\/v2\/media\/54681"}],"wp:attachment":[{"href":"http:\/\/marcboivin.org\/en\/wp-json\/wp\/v2\/media?parent=54276"}],"wp:term":[{"taxonomy":"category","embeddable":true,"href":"http:\/\/marcboivin.org\/en\/wp-json\/wp\/v2\/categories?post=54276"},{"taxonomy":"post_tag","embeddable":true,"href":"http:\/\/marcboivin.org\/en\/wp-json\/wp\/v2\/tags?post=54276"}],"curies":[{"name":"wp","href":"https:\/\/api.w.org\/{rel}","templated":true}]}}